{"id":156,"date":"2026-02-27T11:13:03","date_gmt":"2026-02-27T11:13:03","guid":{"rendered":"https:\/\/www.lopalo.org\/?p=156"},"modified":"2026-02-27T15:00:45","modified_gmt":"2026-02-27T15:00:45","slug":"27-02-retransmission-festival-sante-transparence-2","status":"publish","type":"post","link":"https:\/\/www.lopalo.org\/?p=156","title":{"rendered":"27.02 retransmission festival sant\u00e9 transparence #2"},"content":{"rendered":"\t\t<div data-elementor-type=\"wp-post\" data-elementor-id=\"156\" class=\"elementor elementor-156\">\n\t\t\t\t<div class=\"elementor-element elementor-element-6abebac1 e-flex e-con-boxed e-con e-parent\" data-id=\"6abebac1\" data-element_type=\"container\" data-e-type=\"container\">\n\t\t\t\t\t<div class=\"e-con-inner\">\n\t\t\t\t<div class=\"elementor-element elementor-element-16f1d209 elementor-widget elementor-widget-text-editor\" data-id=\"16f1d209\" data-element_type=\"widget\" data-e-type=\"widget\" data-widget_type=\"text-editor.default\">\n\t\t\t\t\t\t\t\t\t\n<p>\/\/ <strong>Retransmission live des prises de paroles + concerts \u00e0 18h30<\/strong> \/\/<\/p>\n\n<p><strong>Th\u00e9matique : Pollutions &amp; Sant\u00e9<\/strong><em> : <\/em><em>Causes de la surmortalit\u00e9 li\u00e9e aux cancers sur notre territoire : industrie, transport, agriculture. Quels leviers d&#8217;action ?<\/em><\/p>\n\n<figure class=\"wp-block-image is-resized\"><img decoding=\"async\" style=\"width: 160px; height: auto;\" src=\"https:\/\/dunkerque.demosphere.net\/files\/import-images\/resized-ed7af50c2d3e66f7727d5819ac1a9934.jpg\" alt=\"\" \/><\/figure>\n\n<p>++ <em>Interventions <\/em><\/p>\n\n<p><strong>Yann Landkocz<\/strong> : Enseignant-chercheur \u00e0 l&#8217;ULCO, coordinateur de recherche sur la qualit\u00e9 de l&#8217;air et les microplastiques. Il pr\u00e9sentera le volet &#8220;cancers&#8221; du Diagnostic Local de Sant\u00e9 r\u00e9alis\u00e9 avec l&#8217;Observatoire Local de Sant\u00e9 (OLS).<\/p>\n\n<p><strong>Isabella Annesi-Maesano<\/strong> : Directrice de recherche et professeure en \u00e9pid\u00e9miologie environnementale \u00e0 l&#8217;INSERM. Elle pr\u00e9sentera les liens entre sant\u00e9 et environnement.<\/p>\n\n<p><strong>Marc Fadel<\/strong> : Enseignant-chercheur \u00e0 l&#8217;ULCO, sp\u00e9cialiste de la qualit\u00e9 de l&#8217;air du Dunkerquois. Il fera un \u00e9tat des lieux des diff\u00e9rentes sources de pollution : usines, trafic maritime, trafic routier et pesticides.<\/p>\n\n<p><strong>Constance Valade<\/strong> : Porte-parole de l&#8217;association Respire. Elle pr\u00e9sentera l&#8217;\u00e9tude sur la qualit\u00e9 de l&#8217;air men\u00e9e au printemps 2025 gr\u00e2ce \u00e0 des capteurs mobiles plac\u00e9s dans le sens du vent, \u00e0 proximit\u00e9 des habitations.<\/p>\n\n<p>++<em> Concerts<\/em> Tina Thorner \u00e0 l&#8217;accord\u00e9on + Abdul M\u00e9tal (Reggae &#8211; Dancehall). ++ Repas : Soupe, tarte, houmous, pain et g\u00e2teaux. ++<\/p>\n\n<p><strong>++<\/strong> Glacis, salle Saint-Jean-Baptiste, 1 place Robert Prigent, Dunkerque.<\/p>\n\n<p>\u00a0<\/p>\n\n<p>\u00a0<\/p>\n\t\t\t\t\t\t\t\t<\/div>\n\t\t\t\t\t<\/div>\n\t\t\t\t<\/div>\n\t\t<div class=\"elementor-element elementor-element-83809b8 e-flex e-con-boxed e-con e-parent\" data-id=\"83809b8\" data-element_type=\"container\" data-e-type=\"container\">\n\t\t\t\t\t<div class=\"e-con-inner\">\n\t\t\t\t<div class=\"elementor-element elementor-element-a2ab1d6 elementor-align-center elementor-widget elementor-widget-button\" data-id=\"a2ab1d6\" data-element_type=\"widget\" data-e-type=\"widget\" data-widget_type=\"button.default\">\n\t\t\t\t\t\t\t\t\t\t<a class=\"elementor-button elementor-button-link elementor-size-sm\" href=\"https:\/\/dunkerque.demosphere.net\/rv\/4218\">\n\t\t\t\t\t\t<span class=\"elementor-button-content-wrapper\">\n\t\t\t\t\t\t\t\t\t<span class=\"elementor-button-text\">D\u00e9mosph\u00e8re !<\/span>\n\t\t\t\t\t<\/span>\n\t\t\t\t\t<\/a>\n\t\t\t\t\t\t\t\t<\/div>\n\t\t\t\t\t<\/div>\n\t\t\t\t<\/div>\n\t\t\t\t<\/div>\n\t\t","protected":false},"excerpt":{"rendered":"<p>\/\/ Retransmission live des prises de paroles + concerts \u00e0 18h30 \/\/ Th\u00e9matique : Pollutions &amp; Sant\u00e9 : Causes de la surmortalit\u00e9 li\u00e9e aux cancers sur notre territoire : industrie, transport, agriculture. Quels leviers d&#8217;action ? ++ Interventions Yann Landkocz : Enseignant-chercheur \u00e0 l&#8217;ULCO, coordinateur de recherche sur la qualit\u00e9 de l&#8217;air et les microplastiques. [&hellip;]<\/p>\n","protected":false},"author":1,"featured_media":0,"comment_status":"open","ping_status":"open","sticky":false,"template":"","format":"standard","meta":{"footnotes":""},"categories":[1],"tags":[],"class_list":["post-156","post","type-post","status-publish","format-standard","hentry","category-uncategorized","entry"],"_links":{"self":[{"href":"https:\/\/www.lopalo.org\/index.php?rest_route=\/wp\/v2\/posts\/156","targetHints":{"allow":["GET"]}}],"collection":[{"href":"https:\/\/www.lopalo.org\/index.php?rest_route=\/wp\/v2\/posts"}],"about":[{"href":"https:\/\/www.lopalo.org\/index.php?rest_route=\/wp\/v2\/types\/post"}],"author":[{"embeddable":true,"href":"https:\/\/www.lopalo.org\/index.php?rest_route=\/wp\/v2\/users\/1"}],"replies":[{"embeddable":true,"href":"https:\/\/www.lopalo.org\/index.php?rest_route=%2Fwp%2Fv2%2Fcomments&post=156"}],"version-history":[{"count":7,"href":"https:\/\/www.lopalo.org\/index.php?rest_route=\/wp\/v2\/posts\/156\/revisions"}],"predecessor-version":[{"id":176,"href":"https:\/\/www.lopalo.org\/index.php?rest_route=\/wp\/v2\/posts\/156\/revisions\/176"}],"wp:attachment":[{"href":"https:\/\/www.lopalo.org\/index.php?rest_route=%2Fwp%2Fv2%2Fmedia&parent=156"}],"wp:term":[{"taxonomy":"category","embeddable":true,"href":"https:\/\/www.lopalo.org\/index.php?rest_route=%2Fwp%2Fv2%2Fcategories&post=156"},{"taxonomy":"post_tag","embeddable":true,"href":"https:\/\/www.lopalo.org\/index.php?rest_route=%2Fwp%2Fv2%2Ftags&post=156"}],"curies":[{"name":"wp","href":"https:\/\/api.w.org\/{rel}","templated":true}]}}